{"id":9974,"date":"2021-07-06T19:00:32","date_gmt":"2021-07-06T17:00:32","guid":{"rendered":"?p=9974"},"modified":"2021-09-20T19:18:27","modified_gmt":"2021-09-20T17:18:27","slug":"a-lattention-des-etudiant%c2%b7es-interesse%c2%b7es-par-les-metiers-du-social","status":"publish","type":"post","link":"https:\/\/sociologie.univ-paris8.fr\/?p=9974","title":{"rendered":"A l\u2019attention des \u00e9tudiant\u00b7es int\u00e9ress\u00e9\u00b7es par les m\u00e9tiers du social"},"content":{"rendered":"<p>Un cours sp\u00e9cifique de d\u00e9couverte des m\u00e9tiers du social et de pr\u00e9paration aux \u00e9preuves d\u2019admission en \u00e9cole de travail social vous est propos\u00e9 dans le cadre de la Licence 1.<\/p>\n<p>Ce cours s&rsquo;adresse \u00e0 tou\u00b7tes les \u00e9tudiant\u00b7es qui envisagent de s&rsquo;orienter vers les m\u00e9tiers d&rsquo;assistant\u00b7e de service social, d&rsquo;\u00e9ducateur ou \u00e9ducatrice sp\u00e9cialis\u00e9\u00b7e et d&rsquo;\u00e9ducateur ou \u00e9ducatrice de jeunes enfants.<\/p>\n<p>Il sera anim\u00e9 le jeudi de 12h \u00e0 18h par Coline Cardi et Florence Bouillon.<\/p>\n<p><strong>Le nombre de places \u00e9tant limit\u00e9, merci d\u2019envoyer au plus tard le <u>vendredi 17 septembre 2021<\/u> un CV et une courte lettre de motivation expliquant les raisons pour lesquelles vous souhaitez vous inscrire \u00e0 ce cours aux deux adresses suivantes : <a href=\"mailto:florence.bouillon@gmail.com\">florence.bouillon@gmail.com<\/a> et <a href=\"mailto:cardi.coline@gmail.com\">cardi.coline@gmail.com<\/a><\/strong><\/p>\n<p>N\u2019h\u00e9sitez pas \u00e9galement \u00e0 nous contacter \u00e0 ces adresses mails pour toute question ou tout renseignement.<\/p>\n","protected":false},"excerpt":{"rendered":"<p>Un cours sp\u00e9cifique de d\u00e9couverte des m\u00e9tiers du social et de pr\u00e9paration aux \u00e9preuves d\u2019admission en \u00e9cole de travail social vous est propos\u00e9 dans le cadre de la Licence 1. Ce cours s&rsquo;adresse \u00e0 tou\u00b7tes les \u00e9tudiant\u00b7es qui envisagent de s&rsquo;orienter vers les m\u00e9tiers d&rsquo;assistant\u00b7e de service social, d&rsquo;\u00e9ducateur ou \u00e9ducatrice sp\u00e9cialis\u00e9\u00b7e et d&rsquo;\u00e9ducateur ou&hellip;<\/p>\n","protected":false},"author":10,"featured_media":0,"comment_status":"closed","ping_status":"closed","sticky":false,"template":"","format":"standard","meta":{"footnotes":""},"categories":[1],"tags":[],"class_list":["post-9974","post","type-post","status-publish","format-standard","hentry","category-actualites","category-1","description-off"],"_links":{"self":[{"href":"https:\/\/sociologie.univ-paris8.fr\/index.php?rest_route=\/wp\/v2\/posts\/9974","targetHints":{"allow":["GET"]}}],"collection":[{"href":"https:\/\/sociologie.univ-paris8.fr\/index.php?rest_route=\/wp\/v2\/posts"}],"about":[{"href":"https:\/\/sociologie.univ-paris8.fr\/index.php?rest_route=\/wp\/v2\/types\/post"}],"author":[{"embeddable":true,"href":"https:\/\/sociologie.univ-paris8.fr\/index.php?rest_route=\/wp\/v2\/users\/10"}],"replies":[{"embeddable":true,"href":"https:\/\/sociologie.univ-paris8.fr\/index.php?rest_route=%2Fwp%2Fv2%2Fcomments&post=9974"}],"version-history":[{"count":3,"href":"https:\/\/sociologie.univ-paris8.fr\/index.php?rest_route=\/wp\/v2\/posts\/9974\/revisions"}],"predecessor-version":[{"id":9977,"href":"https:\/\/sociologie.univ-paris8.fr\/index.php?rest_route=\/wp\/v2\/posts\/9974\/revisions\/9977"}],"wp:attachment":[{"href":"https:\/\/sociologie.univ-paris8.fr\/index.php?rest_route=%2Fwp%2Fv2%2Fmedia&parent=9974"}],"wp:term":[{"taxonomy":"category","embeddable":true,"href":"https:\/\/sociologie.univ-paris8.fr\/index.php?rest_route=%2Fwp%2Fv2%2Fcategories&post=9974"},{"taxonomy":"post_tag","embeddable":true,"href":"https:\/\/sociologie.univ-paris8.fr\/index.php?rest_route=%2Fwp%2Fv2%2Ftags&post=9974"}],"curies":[{"name":"wp","href":"https:\/\/api.w.org\/{rel}","templated":true}]}}