{"id":9761,"date":"2020-09-14T10:42:17","date_gmt":"2020-09-14T08:42:17","guid":{"rendered":"?p=9761"},"modified":"2021-01-25T10:18:48","modified_gmt":"2021-01-25T08:18:48","slug":"cours-annule-sociologie-de-la-race-l2","status":"publish","type":"post","link":"https:\/\/sociologie.univ-paris8.fr\/?p=9761","title":{"rendered":"Cours annul\u00e9 : Sociologie de la race (L2) de Sol\u00e8ne Brun"},"content":{"rendered":"<p>Le cours de <strong>Sociologie de la race<\/strong> assur\u00e9 par Sol\u00e8ne Brun qui devait se tenir aujourd&rsquo;hui lundi 14 septembre de 18 \u00e0 21h <strong>est annul\u00e9<\/strong>.<\/p>\n","protected":false},"excerpt":{"rendered":"<p>Le cours de Sociologie de la race assur\u00e9 par Sol\u00e8ne Brun qui devait se tenir aujourd&rsquo;hui lundi 14 septembre de 18 \u00e0 21h est annul\u00e9.<\/p>\n","protected":false},"author":10,"featured_media":0,"comment_status":"closed","ping_status":"closed","sticky":false,"template":"","format":"standard","meta":{"footnotes":""},"categories":[1],"tags":[],"class_list":["post-9761","post","type-post","status-publish","format-standard","hentry","category-actualites","category-1","description-off"],"_links":{"self":[{"href":"https:\/\/sociologie.univ-paris8.fr\/index.php?rest_route=\/wp\/v2\/posts\/9761","targetHints":{"allow":["GET"]}}],"collection":[{"href":"https:\/\/sociologie.univ-paris8.fr\/index.php?rest_route=\/wp\/v2\/posts"}],"about":[{"href":"https:\/\/sociologie.univ-paris8.fr\/index.php?rest_route=\/wp\/v2\/types\/post"}],"author":[{"embeddable":true,"href":"https:\/\/sociologie.univ-paris8.fr\/index.php?rest_route=\/wp\/v2\/users\/10"}],"replies":[{"embeddable":true,"href":"https:\/\/sociologie.univ-paris8.fr\/index.php?rest_route=%2Fwp%2Fv2%2Fcomments&post=9761"}],"version-history":[{"count":3,"href":"https:\/\/sociologie.univ-paris8.fr\/index.php?rest_route=\/wp\/v2\/posts\/9761\/revisions"}],"predecessor-version":[{"id":9768,"href":"https:\/\/sociologie.univ-paris8.fr\/index.php?rest_route=\/wp\/v2\/posts\/9761\/revisions\/9768"}],"wp:attachment":[{"href":"https:\/\/sociologie.univ-paris8.fr\/index.php?rest_route=%2Fwp%2Fv2%2Fmedia&parent=9761"}],"wp:term":[{"taxonomy":"category","embeddable":true,"href":"https:\/\/sociologie.univ-paris8.fr\/index.php?rest_route=%2Fwp%2Fv2%2Fcategories&post=9761"},{"taxonomy":"post_tag","embeddable":true,"href":"https:\/\/sociologie.univ-paris8.fr\/index.php?rest_route=%2Fwp%2Fv2%2Ftags&post=9761"}],"curies":[{"name":"wp","href":"https:\/\/api.w.org\/{rel}","templated":true}]}}