{"id":9451,"date":"2020-04-01T09:14:26","date_gmt":"2020-04-01T07:14:26","guid":{"rendered":"?p=9451"},"modified":"2020-05-04T18:32:33","modified_gmt":"2020-05-04T16:32:33","slug":"information-ordonnance-pour-le-prolongement-des-titres-de-sejour","status":"publish","type":"post","link":"https:\/\/sociologie.univ-paris8.fr\/?p=9451","title":{"rendered":"Information :  titres de s\u00e9jour et aide d&rsquo;urgence"},"content":{"rendered":"<p>Pour information<\/p>\n<ol>\n<strong> <\/p>\n<li>&#8211; L&rsquo;ordonnance pour le prolongement des titres de s\u00e9jour est sortie au JORF du 26\/03\/20 (Ordonnance n\u00b0 2020-328 du 25 mars 2020 portant prolongation de la dur\u00e9e de validit\u00e9 des documents de s\u00e9jour) :?<\/li>\n<p><\/strong><br \/>\nLes documents suivants qui arriveraient \u00e0 expiration entre le 16 mars et le 15 mai 2020 sont prolong\u00e9s de 90 jours (3 mois) ;<br \/>\n1\u00b0 Visas de long s\u00e9jour ;<br \/>\n2\u00b0 Titres de s\u00e9jour, \u00e0 l&rsquo;exception de ceux d\u00e9livr\u00e9s au personnel diplomatique et consulaire \u00e9tranger ;<br \/>\n3\u00b0 Autorisations provisoires de s\u00e9jour ;<br \/>\n4\u00b0 R\u00e9c\u00e9piss\u00e9s de demandes de titres de s\u00e9jour ;<br \/>\n5\u00b0 Attestations de demande d&rsquo;asile.<br \/>\n<a href=\"https:\/\/www.legifrance.gouv.fr\/eli\/ordonnance\/2020\/3\/25\/INTV2008127R\/jo\/texte\/fr\">Lien vers le texte de l&rsquo;ordonnance<\/a><\/p>\n<li><strong>L&rsquo;Universit\u00e9 a mis en place un syst\u00e8me d&rsquo;aide d&rsquo;urgence destin\u00e9 aux \u00e9tudiantes<\/strong> : information et dossier disponible sur cette page <a href=\"https:\/\/www.univ-paris8.fr\/Dispositif-d-aide-d-urgence-sociale-pour-les-etudiants\">Dispositif d\u2019aide d\u2019urgence sociale pour les \u00e9tudiants<\/a>.<\/li>\n<\/ol>\n","protected":false},"excerpt":{"rendered":"<p>Pour information &#8211; L&rsquo;ordonnance pour le prolongement des titres de s\u00e9jour est sortie au JORF du 26\/03\/20 (Ordonnance n\u00b0 2020-328 du 25 mars 2020 portant prolongation de la dur\u00e9e de validit\u00e9 des documents de s\u00e9jour) :? Les documents suivants qui arriveraient \u00e0 expiration entre le 16 mars et le 15 mai 2020 sont prolong\u00e9s de&hellip;<\/p>\n","protected":false},"author":1,"featured_media":0,"comment_status":"closed","ping_status":"closed","sticky":false,"template":"","format":"standard","meta":{"footnotes":""},"categories":[1],"tags":[],"class_list":["post-9451","post","type-post","status-publish","format-standard","hentry","category-actualites","category-1","description-off"],"_links":{"self":[{"href":"https:\/\/sociologie.univ-paris8.fr\/index.php?rest_route=\/wp\/v2\/posts\/9451","targetHints":{"allow":["GET"]}}],"collection":[{"href":"https:\/\/sociologie.univ-paris8.fr\/index.php?rest_route=\/wp\/v2\/posts"}],"about":[{"href":"https:\/\/sociologie.univ-paris8.fr\/index.php?rest_route=\/wp\/v2\/types\/post"}],"author":[{"embeddable":true,"href":"https:\/\/sociologie.univ-paris8.fr\/index.php?rest_route=\/wp\/v2\/users\/1"}],"replies":[{"embeddable":true,"href":"https:\/\/sociologie.univ-paris8.fr\/index.php?rest_route=%2Fwp%2Fv2%2Fcomments&post=9451"}],"version-history":[{"count":3,"href":"https:\/\/sociologie.univ-paris8.fr\/index.php?rest_route=\/wp\/v2\/posts\/9451\/revisions"}],"predecessor-version":[{"id":9454,"href":"https:\/\/sociologie.univ-paris8.fr\/index.php?rest_route=\/wp\/v2\/posts\/9451\/revisions\/9454"}],"wp:attachment":[{"href":"https:\/\/sociologie.univ-paris8.fr\/index.php?rest_route=%2Fwp%2Fv2%2Fmedia&parent=9451"}],"wp:term":[{"taxonomy":"category","embeddable":true,"href":"https:\/\/sociologie.univ-paris8.fr\/index.php?rest_route=%2Fwp%2Fv2%2Fcategories&post=9451"},{"taxonomy":"post_tag","embeddable":true,"href":"https:\/\/sociologie.univ-paris8.fr\/index.php?rest_route=%2Fwp%2Fv2%2Ftags&post=9451"}],"curies":[{"name":"wp","href":"https:\/\/api.w.org\/{rel}","templated":true}]}}