{"id":6507,"date":"2014-12-11T12:07:04","date_gmt":"2014-12-11T10:07:04","guid":{"rendered":"?p=6507"},"modified":"2014-12-27T15:37:59","modified_gmt":"2014-12-27T13:37:59","slug":"lengendrement-du-droit","status":"publish","type":"post","link":"https:\/\/sociologie.univ-paris8.fr\/?p=6507","title":{"rendered":"L&rsquo;Engendrement du droit"},"content":{"rendered":"<p><img decoding=\"async\" src=\"http:\/\/cahiers_du_genre.pouchet.cnrs.fr\/FichesNumeros\/ImagesCouv\/CouvCdG57_100x160.gif\" class=\"alignright\"\/><a href=\"?page_id=1746\" title=\"Coline Cardi\">Coline Cardi<\/a>, ma\u00eetresse de conf\u00e9rences au d\u00e9partement de sociologie de l&rsquo;universit\u00e9 Paris 8, a co-dirig\u00e9, avec Anne-Marie Devreux, <a href=\"http:\/\/cahiers_du_genre.pouchet.cnrs.fr\/FichesNumeros\/numero57.html\">le n\u00b057 des <em>Cahiers du genre<\/em><\/a> : <\/p>\n<p>Nous empruntons au livre <em>L\u2019engendrement des choses <\/em>(Chabaud-Rychter, Gardey, 2002) la pr\u00e9cieuse id\u00e9e d\u2019\u00ab engendrement \u00bb. Elle exprime de fa\u00e7on particuli\u00e8rement appropri\u00e9e ce qui fait l\u2019objet de ce num\u00e9ro : montrer que le droit est p\u00e9tri de genre dans le processus m\u00eame de sa fabrication et, r\u00e9ciproquement, que le droit, par les cat\u00e9gories qu\u2019il met en place et les usages qui en sont faits, ne cesse de produire le genre. Les normes sont toujours produites dans un contexte historique, social et politique particulier. Les cat\u00e9gories juridiques n\u2019y font pas exception. En d\u00e9pit de leur pr\u00e9tention \u00e0 la permanence et \u00e0 l\u2019objectivit\u00e9, les r\u00e8gles de droit sont le fruit d\u2019un \u00ab processus de gestation \u00bb. Et si le droit n\u2019est pas \u00e0 proprement parler l\u2019objet d\u2019une manufacture, son \u00e9criture rel\u00e8ve bien d\u2019un travail de peaufinage mais aussi d\u2019hybridation de l\u2019ancien et du nouveau, d\u2019un argument et d\u2019un autre, d\u2019un combat et d\u2019un renoncement, d\u2019un compromis. Ce sont ces moments de lutte pour l\u2019inscription dans le droit d\u2019un niveau d\u2019\u00e9galit\u00e9 sup\u00e9rieur entre les hommes et les femmes, entre les h\u00e9t\u00e9rosexuel-le-s, les homosexuel-le-s et les trans, entre les salari\u00e9s et les salari\u00e9es, les citoyens et les citoyennes que ce num\u00e9ro donne \u00e0 voir, tout en venant questionner les limites des cat\u00e9gories et des usages du droit dans la reconnaissance de cette \u00e9galit\u00e9.<\/p>\n<p><a href=\"http:\/\/cahiers_du_genre.pouchet.cnrs.fr\/pdf\/IntroCdG57_2014.pdf\">Lire l&rsquo;introduction du num\u00e9ro<\/a>: <a href=\"http:\/\/cahiers_du_genre.pouchet.cnrs.fr\/pdf\/IntroCdG57_2014.pdf\">http:\/\/cahiers_du_genre.pouchet.cnrs.fr\/pdf\/IntroCdG57_2014.pdf<\/a><br \/>\n<a href=\"http:\/\/cahiers_du_genre.pouchet.cnrs.fr\/\">Lien vers le site des <em>Cahiers du genre<\/em><\/a><\/p>\n","protected":false},"excerpt":{"rendered":"<p>Coline Cardi, ma\u00eetresse de conf\u00e9rences au d\u00e9partement de sociologie de l&rsquo;universit\u00e9 Paris 8, a co-dirig\u00e9, avec Anne-Marie Devreux, le n\u00b057 des Cahiers du genre : Nous empruntons au livre L\u2019engendrement des choses (Chabaud-Rychter, Gardey, 2002) la pr\u00e9cieuse id\u00e9e d\u2019\u00ab engendrement \u00bb. Elle exprime de fa\u00e7on particuli\u00e8rement appropri\u00e9e ce qui fait l\u2019objet de ce num\u00e9ro :&hellip;<\/p>\n","protected":false},"author":1,"featured_media":0,"comment_status":"closed","ping_status":"closed","sticky":false,"template":"","format":"standard","meta":{"footnotes":""},"categories":[2],"tags":[],"class_list":["post-6507","post","type-post","status-publish","format-standard","hentry","category-actu-profs","category-2","description-off"],"_links":{"self":[{"href":"https:\/\/sociologie.univ-paris8.fr\/index.php?rest_route=\/wp\/v2\/posts\/6507","targetHints":{"allow":["GET"]}}],"collection":[{"href":"https:\/\/sociologie.univ-paris8.fr\/index.php?rest_route=\/wp\/v2\/posts"}],"about":[{"href":"https:\/\/sociologie.univ-paris8.fr\/index.php?rest_route=\/wp\/v2\/types\/post"}],"author":[{"embeddable":true,"href":"https:\/\/sociologie.univ-paris8.fr\/index.php?rest_route=\/wp\/v2\/users\/1"}],"replies":[{"embeddable":true,"href":"https:\/\/sociologie.univ-paris8.fr\/index.php?rest_route=%2Fwp%2Fv2%2Fcomments&post=6507"}],"version-history":[{"count":3,"href":"https:\/\/sociologie.univ-paris8.fr\/index.php?rest_route=\/wp\/v2\/posts\/6507\/revisions"}],"predecessor-version":[{"id":6511,"href":"https:\/\/sociologie.univ-paris8.fr\/index.php?rest_route=\/wp\/v2\/posts\/6507\/revisions\/6511"}],"wp:attachment":[{"href":"https:\/\/sociologie.univ-paris8.fr\/index.php?rest_route=%2Fwp%2Fv2%2Fmedia&parent=6507"}],"wp:term":[{"taxonomy":"category","embeddable":true,"href":"https:\/\/sociologie.univ-paris8.fr\/index.php?rest_route=%2Fwp%2Fv2%2Fcategories&post=6507"},{"taxonomy":"post_tag","embeddable":true,"href":"https:\/\/sociologie.univ-paris8.fr\/index.php?rest_route=%2Fwp%2Fv2%2Ftags&post=6507"}],"curies":[{"name":"wp","href":"https:\/\/api.w.org\/{rel}","templated":true}]}}