{"id":5829,"date":"2013-09-26T09:19:30","date_gmt":"2013-09-26T07:19:30","guid":{"rendered":"?p=5829"},"modified":"2013-10-08T11:34:12","modified_gmt":"2013-10-08T09:34:12","slug":"retraite-radio-colloque","status":"publish","type":"post","link":"https:\/\/sociologie.univ-paris8.fr\/?p=5829","title":{"rendered":"Retraite, Radio, Colloque&#8230;"},"content":{"rendered":"<p>Quelques nouvelles de rentr\u00e9e :<\/p>\n<ul>\n<li><a href=\"?page_id=39\">Ingolf Diener<\/a>, apr\u00e8s avoir enseign\u00e9 de nombreuses ann\u00e9es aux d\u00e9partements d&rsquo;anthropologie et de sociologie, a pris sa retraite.<\/li>\n<li>Le D\u00e9partement accueille <a href=\"?page_id=5780\">Ana\u00efs Leblon<\/a>, ma\u00eetresse de conf\u00e9rences en anthropologie ainsi que deux nouvelles doctorantes-monitrices : J. Legrand et E. Degouys<\/li>\n<li>Fabien Truong, professeur agr\u00e9g\u00e9, \u00e9tait sur France Culture dans <a href=\"http:\/\/www.franceculture.fr\/emission-sur-la-route-sur-la-route-du-periph-au-dela-des-barrieres-psychologiques-en-direct-de-la-fe\">l&rsquo;\u00e9mission <em>Sur la route<\/em><\/a> pour \u00e9voquer une enqu\u00eate sur les circulations et repr\u00e9sentations territoriales de jeunes habitants de Seine-Saint-Denis dans la m\u00e9tropole parisienne (\u00ab\u00a0<a href=\"http:\/\/metropoles.revues.org\/4568\">Au del\u00e0 et en de\u00e7\u00e0 du p\u00e9riph\u00e9rique<\/a>\u00ab\u00a0), qui avait \u00e9t\u00e9 d\u00e9crite dans <i>Le Monde<\/i> <a href=\"http:\/\/www.lemonde.fr\/societe\/article\/2013\/08\/17\/comment-les-jeunes-du-9-3-apprivoisent-paris_3462753_3224.html\">Comment les jeunes du \u00ab\u00a09-3\u00a0\u00bb apprivoisent Paris<\/a><\/li>\n<li>Daniel Terrolle, ma\u00eetre de conf\u00e9rence en anthropologie, interviendra lors du s\u00e9minaire consacr\u00e9 \u00e0 Colette P\u00e9tonnet, \u00ab\u00a0Les sentiers de l\u2019ethnologie urbaine\u00a0\u00bb (3-4 octobre 2013 au Museum national d\u2019histoire naturelle, 43 rue Buffon, 75005 Paris) <a href=\"http:\/\/www.iiac.cnrs.fr\/lau\/sites\/lau\/IMG\/pdf\/Les_sentiers_de_l_ethnologie_urbaine_avec_Colette_Pe_tonnet.pdf\">Programme (pdf)<\/a>, ou <a href=\"http:\/\/calenda.org\/259325\">programme (sur calenda)<\/a>\n<\/li>\n<\/ul>\n","protected":false},"excerpt":{"rendered":"<p>Informations de rentr\u00e9e<\/p>\n","protected":false},"author":1,"featured_media":0,"comment_status":"closed","ping_status":"closed","sticky":false,"template":"","format":"standard","meta":{"footnotes":""},"categories":[2],"tags":[],"class_list":["post-5829","post","type-post","status-publish","format-standard","hentry","category-actu-profs","category-2","description-off"],"_links":{"self":[{"href":"https:\/\/sociologie.univ-paris8.fr\/index.php?rest_route=\/wp\/v2\/posts\/5829","targetHints":{"allow":["GET"]}}],"collection":[{"href":"https:\/\/sociologie.univ-paris8.fr\/index.php?rest_route=\/wp\/v2\/posts"}],"about":[{"href":"https:\/\/sociologie.univ-paris8.fr\/index.php?rest_route=\/wp\/v2\/types\/post"}],"author":[{"embeddable":true,"href":"https:\/\/sociologie.univ-paris8.fr\/index.php?rest_route=\/wp\/v2\/users\/1"}],"replies":[{"embeddable":true,"href":"https:\/\/sociologie.univ-paris8.fr\/index.php?rest_route=%2Fwp%2Fv2%2Fcomments&post=5829"}],"version-history":[{"count":2,"href":"https:\/\/sociologie.univ-paris8.fr\/index.php?rest_route=\/wp\/v2\/posts\/5829\/revisions"}],"predecessor-version":[{"id":5881,"href":"https:\/\/sociologie.univ-paris8.fr\/index.php?rest_route=\/wp\/v2\/posts\/5829\/revisions\/5881"}],"wp:attachment":[{"href":"https:\/\/sociologie.univ-paris8.fr\/index.php?rest_route=%2Fwp%2Fv2%2Fmedia&parent=5829"}],"wp:term":[{"taxonomy":"category","embeddable":true,"href":"https:\/\/sociologie.univ-paris8.fr\/index.php?rest_route=%2Fwp%2Fv2%2Fcategories&post=5829"},{"taxonomy":"post_tag","embeddable":true,"href":"https:\/\/sociologie.univ-paris8.fr\/index.php?rest_route=%2Fwp%2Fv2%2Ftags&post=5829"}],"curies":[{"name":"wp","href":"https:\/\/api.w.org\/{rel}","templated":true}]}}