{"id":5630,"date":"2013-05-29T13:26:44","date_gmt":"2013-05-29T11:26:44","guid":{"rendered":"?p=5630"},"modified":"2013-06-07T09:17:25","modified_gmt":"2013-06-07T07:17:25","slug":"rectificatif-2e-session-cours-genese1","status":"publish","type":"post","link":"https:\/\/sociologie.univ-paris8.fr\/?p=5630","title":{"rendered":"Rectificatifs autres informations"},"content":{"rendered":"<p>1- Cours gen\u00e8se 1- Mme BERCOT, examen pour la session 2 du premier semestre   aura lieu  :  Le jeudi 6 JUIN de 9h \u00e0 12h en salle B231 <\/p>\n<p>2- Vous pourrez venir r\u00e9cup\u00e9rer les copies de l&rsquo;examen final de \u00ab\u00a0sociologie du genre\u00a0\u00bb [Cours de Aur\u00e9lie Damamme] le jeudi 6 juin de 13 \u00e0 14 h en salle B336 (salle des enseignants du d\u00e9partement de sociologie et anthropologie)<\/p>\n","protected":false},"excerpt":{"rendered":"<p>Informations et rectificatifs : dates d&rsquo;examens \u00ab\u00a0Genese1\u00a0\u00bb, rendu des copies&#8230;<\/p>\n","protected":false},"author":1,"featured_media":0,"comment_status":"closed","ping_status":"closed","sticky":false,"template":"","format":"standard","meta":{"footnotes":""},"categories":[1],"tags":[],"class_list":["post-5630","post","type-post","status-publish","format-standard","hentry","category-actualites","category-1","description-off"],"_links":{"self":[{"href":"https:\/\/sociologie.univ-paris8.fr\/index.php?rest_route=\/wp\/v2\/posts\/5630","targetHints":{"allow":["GET"]}}],"collection":[{"href":"https:\/\/sociologie.univ-paris8.fr\/index.php?rest_route=\/wp\/v2\/posts"}],"about":[{"href":"https:\/\/sociologie.univ-paris8.fr\/index.php?rest_route=\/wp\/v2\/types\/post"}],"author":[{"embeddable":true,"href":"https:\/\/sociologie.univ-paris8.fr\/index.php?rest_route=\/wp\/v2\/users\/1"}],"replies":[{"embeddable":true,"href":"https:\/\/sociologie.univ-paris8.fr\/index.php?rest_route=%2Fwp%2Fv2%2Fcomments&post=5630"}],"version-history":[{"count":4,"href":"https:\/\/sociologie.univ-paris8.fr\/index.php?rest_route=\/wp\/v2\/posts\/5630\/revisions"}],"predecessor-version":[{"id":5664,"href":"https:\/\/sociologie.univ-paris8.fr\/index.php?rest_route=\/wp\/v2\/posts\/5630\/revisions\/5664"}],"wp:attachment":[{"href":"https:\/\/sociologie.univ-paris8.fr\/index.php?rest_route=%2Fwp%2Fv2%2Fmedia&parent=5630"}],"wp:term":[{"taxonomy":"category","embeddable":true,"href":"https:\/\/sociologie.univ-paris8.fr\/index.php?rest_route=%2Fwp%2Fv2%2Fcategories&post=5630"},{"taxonomy":"post_tag","embeddable":true,"href":"https:\/\/sociologie.univ-paris8.fr\/index.php?rest_route=%2Fwp%2Fv2%2Ftags&post=5630"}],"curies":[{"name":"wp","href":"https:\/\/api.w.org\/{rel}","templated":true}]}}