{"id":532,"date":"2008-05-31T15:50:12","date_gmt":"2008-05-31T13:50:12","guid":{"rendered":"?p=532"},"modified":"2008-05-31T15:50:12","modified_gmt":"2008-05-31T13:50:12","slug":"postes-dater-2008-2009-classement","status":"publish","type":"post","link":"https:\/\/sociologie.univ-paris8.fr\/?p=532","title":{"rendered":"Postes d&rsquo;ATER (2008-2009) &#8211; classement"},"content":{"rendered":"<p>Classements propos\u00e9s par la commission de sp\u00e9cialistes, section 19 du CNU, r\u00e9unie le 27 mai 2008.<br \/>\n<strong>Poste 19MCF0556<\/strong> : Deux demi-ATER<\/p>\n<ul>\n<li>Premier demi-ATER : 1\/Debauche Alice, 2\/Collet Ana\u00efs, 3\/Schutz Gabrielle, 4\/Toader Alina<\/li>\n<li>Deuxi\u00e8me demi-ATER : 1\/Dietrich Pascale, 2\/Cond\u00e9 Pierre-Yves, 3\/Garcin Elsa, 4\/Chambon Julien<\/li>\n<\/ul>\n<p><strong>Poste 19MCF0437 <\/strong>: Un ATER \u00ab\u00a0temps plein\u00a0\u00bb<\/p>\n<ul>\n<li>1\/Ollivier Carine, 2\/Belton Leslie, 3\/Cousteaux Anne-Sophie, 4\/Hauchecorne Mathieu, 5\/Mignot Jean-Fran\u00e7ois<\/li>\n<\/ul>\n<p><strong>Poste 19MCF0840<\/strong> : deux demi-ATER<\/p>\n<ul>\n<li>Premier demi-ATER : 1\/Nechtschein Sarah, 2\/Choquet Julien, 3\/Salman Scarlett, 4\/Chabault Vincent<\/li>\n<li>Deuxi\u00e8me demi-ATER : 1\/Martinez Christian, 2\/ Lazarus Jeanne, 3\/Giraud Colin, 4\/Malogne Gwendoline<\/li>\n<\/ul>\n<p><strong>Poste 19MCF0374<\/strong> : deux demi-ATER<\/p>\n<ul>\n<li>Premier demi-ATER : 1\/Le Gall Brice, 2\/Naudet Jules, 3\/Pradel Benjamin, 4\/Molinero St\u00e9phanie<\/li>\n<li>Deuxi\u00e8me demi-ATER: 1\/Auvert Anne-Julie, 2\/Zolesio Emmanuelle, 3\/Barrio S\u00e9bastien, 4\/Ambrosetti Elena<\/li>\n<\/ul>\n<p><strong>Poste 20PR1026<\/strong> : Deux demi-ATER <\/p>\n<ul>\n<li>Premier demi-ATER : 1\/Feldman, Nehara, 2\/Pellegrini Patricia<\/li>\n<li>Deuxi\u00e8me demi-ATER : 1\/Frediani Marcelo, 2\/Cesard Nicolas<\/li>\n<\/ul>\n<p><strong>Poste 20MCF0617<\/strong> : Un ATER, \u00ab\u00a0temps plein\u00a0\u00bb, semestrialis\u00e9<\/p>\n<ul>\n<li>Premier semestre : 1\/Carraro, Flavia, 2\/Cesard Nicolas<\/li>\n<li>Deuxi\u00e8me semestre : 1\/Ben Hounet Yazid, 2\/Pellegrini Patricia<\/li>\n<\/ul>\n","protected":false},"excerpt":{"rendered":"<p>Classements propos\u00e9s par la commission de sp\u00e9cialistes, section 19 du CNU, r\u00e9unie le 27 mai 2008.<\/p>\n","protected":false},"author":1,"featured_media":0,"comment_status":"closed","ping_status":"closed","sticky":false,"template":"","format":"standard","meta":{"footnotes":""},"categories":[2],"tags":[],"class_list":["post-532","post","type-post","status-publish","format-standard","hentry","category-actu-profs","category-2","description-off"],"_links":{"self":[{"href":"https:\/\/sociologie.univ-paris8.fr\/index.php?rest_route=\/wp\/v2\/posts\/532","targetHints":{"allow":["GET"]}}],"collection":[{"href":"https:\/\/sociologie.univ-paris8.fr\/index.php?rest_route=\/wp\/v2\/posts"}],"about":[{"href":"https:\/\/sociologie.univ-paris8.fr\/index.php?rest_route=\/wp\/v2\/types\/post"}],"author":[{"embeddable":true,"href":"https:\/\/sociologie.univ-paris8.fr\/index.php?rest_route=\/wp\/v2\/users\/1"}],"replies":[{"embeddable":true,"href":"https:\/\/sociologie.univ-paris8.fr\/index.php?rest_route=%2Fwp%2Fv2%2Fcomments&post=532"}],"version-history":[{"count":0,"href":"https:\/\/sociologie.univ-paris8.fr\/index.php?rest_route=\/wp\/v2\/posts\/532\/revisions"}],"wp:attachment":[{"href":"https:\/\/sociologie.univ-paris8.fr\/index.php?rest_route=%2Fwp%2Fv2%2Fmedia&parent=532"}],"wp:term":[{"taxonomy":"category","embeddable":true,"href":"https:\/\/sociologie.univ-paris8.fr\/index.php?rest_route=%2Fwp%2Fv2%2Fcategories&post=532"},{"taxonomy":"post_tag","embeddable":true,"href":"https:\/\/sociologie.univ-paris8.fr\/index.php?rest_route=%2Fwp%2Fv2%2Ftags&post=532"}],"curies":[{"name":"wp","href":"https:\/\/api.w.org\/{rel}","templated":true}]}}