{"id":4490,"date":"2012-03-05T03:33:23","date_gmt":"2012-03-05T01:33:23","guid":{"rendered":"?p=4490"},"modified":"2012-03-05T03:33:23","modified_gmt":"2012-03-05T01:33:23","slug":"le-logement-barometre-de-la-question-sociale","status":"publish","type":"post","link":"https:\/\/sociologie.univ-paris8.fr\/?p=4490","title":{"rendered":"Le logement, barom\u00e8tre de la question sociale"},"content":{"rendered":"<p>Claire L\u00e9vy-Vroelant a \u00e9t\u00e9 interview\u00e9e par le journal <i>M\u00e9diapart<\/i> :<br \/>\n<iframe loading=\"lazy\" frameborder=\"0\" width=\"480\" height=\"270\" src=\"http:\/\/www.dailymotion.com\/embed\/video\/xp6buy\"><\/iframe><br \/><a href=\"http:\/\/www.dailymotion.com\/video\/xp6buy_le-logement-barometre-de-la-question-sociale-1-2_news\" target=\"_blank\">Le logement, barom&egrave;tre de la question sociale&#8230;<\/a> <i>by <a href=\"http:\/\/www.dailymotion.com\/Mediapart\" target=\"_blank\">Mediapart<\/a><\/i><\/p>\n","protected":false},"excerpt":{"rendered":"<p>Interview de Claire-L\u00e9vy Vroelant pour <i>M\u00e9diapart<\/i><\/p>\n","protected":false},"author":1,"featured_media":0,"comment_status":"closed","ping_status":"closed","sticky":false,"template":"","format":"standard","meta":{"footnotes":""},"categories":[2],"tags":[],"class_list":["post-4490","post","type-post","status-publish","format-standard","hentry","category-actu-profs","category-2","description-off"],"_links":{"self":[{"href":"https:\/\/sociologie.univ-paris8.fr\/index.php?rest_route=\/wp\/v2\/posts\/4490","targetHints":{"allow":["GET"]}}],"collection":[{"href":"https:\/\/sociologie.univ-paris8.fr\/index.php?rest_route=\/wp\/v2\/posts"}],"about":[{"href":"https:\/\/sociologie.univ-paris8.fr\/index.php?rest_route=\/wp\/v2\/types\/post"}],"author":[{"embeddable":true,"href":"https:\/\/sociologie.univ-paris8.fr\/index.php?rest_route=\/wp\/v2\/users\/1"}],"replies":[{"embeddable":true,"href":"https:\/\/sociologie.univ-paris8.fr\/index.php?rest_route=%2Fwp%2Fv2%2Fcomments&post=4490"}],"version-history":[{"count":1,"href":"https:\/\/sociologie.univ-paris8.fr\/index.php?rest_route=\/wp\/v2\/posts\/4490\/revisions"}],"predecessor-version":[{"id":4491,"href":"https:\/\/sociologie.univ-paris8.fr\/index.php?rest_route=\/wp\/v2\/posts\/4490\/revisions\/4491"}],"wp:attachment":[{"href":"https:\/\/sociologie.univ-paris8.fr\/index.php?rest_route=%2Fwp%2Fv2%2Fmedia&parent=4490"}],"wp:term":[{"taxonomy":"category","embeddable":true,"href":"https:\/\/sociologie.univ-paris8.fr\/index.php?rest_route=%2Fwp%2Fv2%2Fcategories&post=4490"},{"taxonomy":"post_tag","embeddable":true,"href":"https:\/\/sociologie.univ-paris8.fr\/index.php?rest_route=%2Fwp%2Fv2%2Ftags&post=4490"}],"curies":[{"name":"wp","href":"https:\/\/api.w.org\/{rel}","templated":true}]}}