{"id":4484,"date":"2012-03-02T09:34:51","date_gmt":"2012-03-02T07:34:51","guid":{"rendered":"?p=4484"},"modified":"2012-03-13T13:07:51","modified_gmt":"2012-03-13T11:07:51","slug":"claire-levy-vroelant-dans-le-monde-5","status":"publish","type":"post","link":"https:\/\/sociologie.univ-paris8.fr\/?p=4484","title":{"rendered":"Claire L\u00e9vy-Vroelant dans <i>Le Monde<\/i>"},"content":{"rendered":"<p>Caire L\u00e9vy-Vroelant, professeure au d\u00e9partement de sociologie de l&rsquo;universit\u00e9 Paris 8, signe une tribune dans <i>Le Monde<\/i> : \u00ab\u00a0<a href=\"http:\/\/www.lemonde.fr\/idees\/article\/2012\/03\/01\/construire-plus-pour-loger-moins-le-logement-entre-consensus-et-paradoxes_1649885_3232.html\">Construire plus pour loger moins? Le logement entre consensus et paradoxes<\/a>\u00ab\u00a0. <\/p>\n<blockquote><p>Avec l&rsquo;approche de l&rsquo;\u00e9lection pr\u00e9sidentielle, la question du logement revient sur la sc\u00e8ne publique. Sur fond de mal-logement persistant, les diff\u00e9rents acteurs du logement n\u00e9gocient leur position dans un contexte de concurrence qui aiguise la bataille des chiffres et des images, tandis que les candidats cherchent \u00e0 se positionner, propositions \u00e0 la cl\u00e9.<br \/>\nPlusieurs \u00e9l\u00e9ments m\u00e9ritent pourtant mieux qu&rsquo;un traitement \u00e0 l&#8217;emporte-pi\u00e8ce. D&rsquo;abord, les chiffres avanc\u00e9s sur la construction neuve sont au mieux approximatifs, au pire, extravagants, la derni\u00e8re n\u00e9e des propositions pr\u00e9sidentielles (relever de 30% les droits \u00e0 construire afin d&rsquo;augmenter de 0,15% le stock actuel &#8211; selon le secr\u00e9taire d&rsquo;Etat au Logement) ne faisant pas exception. Ensuite, la place du logement social est brouill\u00e9e par des slogans simplificateurs qui, pour en rester aux mots, n&rsquo;en s\u00e8ment pas moins la confusion. D\u00e9sign\u00e9s tour \u00e0 tour comme coupables et comme victimes, les organismes HLM sont n\u00e9anmoins appel\u00e9s en renfort. &#8230;<\/p>\n<p><a href=\"http:\/\/www.lemonde.fr\/idees\/article\/2012\/03\/01\/construire-plus-pour-loger-moins-le-logement-entre-consensus-et-paradoxes_1649885_3232.html\">Lire la suite <\/a><\/p><\/blockquote>\n","protected":false},"excerpt":{"rendered":"<p>Caire L\u00e9vy-Vroelant, professeure au d\u00e9partement de sociologie de l&rsquo;universit\u00e9 Paris 8, signe une tribune dans Le Monde : \u00ab\u00a0Construire plus pour loger moins? Le logement entre consensus et paradoxes\u00ab\u00a0. Avec l&rsquo;approche de l&rsquo;\u00e9lection pr\u00e9sidentielle, la question du logement revient sur la sc\u00e8ne publique. Sur fond de mal-logement persistant, les diff\u00e9rents acteurs du logement n\u00e9gocient leur&hellip;<\/p>\n","protected":false},"author":1,"featured_media":0,"comment_status":"closed","ping_status":"closed","sticky":false,"template":"","format":"standard","meta":{"footnotes":""},"categories":[2],"tags":[],"class_list":["post-4484","post","type-post","status-publish","format-standard","hentry","category-actu-profs","category-2","description-off"],"_links":{"self":[{"href":"https:\/\/sociologie.univ-paris8.fr\/index.php?rest_route=\/wp\/v2\/posts\/4484","targetHints":{"allow":["GET"]}}],"collection":[{"href":"https:\/\/sociologie.univ-paris8.fr\/index.php?rest_route=\/wp\/v2\/posts"}],"about":[{"href":"https:\/\/sociologie.univ-paris8.fr\/index.php?rest_route=\/wp\/v2\/types\/post"}],"author":[{"embeddable":true,"href":"https:\/\/sociologie.univ-paris8.fr\/index.php?rest_route=\/wp\/v2\/users\/1"}],"replies":[{"embeddable":true,"href":"https:\/\/sociologie.univ-paris8.fr\/index.php?rest_route=%2Fwp%2Fv2%2Fcomments&post=4484"}],"version-history":[{"count":2,"href":"https:\/\/sociologie.univ-paris8.fr\/index.php?rest_route=\/wp\/v2\/posts\/4484\/revisions"}],"predecessor-version":[{"id":4513,"href":"https:\/\/sociologie.univ-paris8.fr\/index.php?rest_route=\/wp\/v2\/posts\/4484\/revisions\/4513"}],"wp:attachment":[{"href":"https:\/\/sociologie.univ-paris8.fr\/index.php?rest_route=%2Fwp%2Fv2%2Fmedia&parent=4484"}],"wp:term":[{"taxonomy":"category","embeddable":true,"href":"https:\/\/sociologie.univ-paris8.fr\/index.php?rest_route=%2Fwp%2Fv2%2Fcategories&post=4484"},{"taxonomy":"post_tag","embeddable":true,"href":"https:\/\/sociologie.univ-paris8.fr\/index.php?rest_route=%2Fwp%2Fv2%2Ftags&post=4484"}],"curies":[{"name":"wp","href":"https:\/\/api.w.org\/{rel}","templated":true}]}}