{"id":403,"date":"2008-02-04T13:10:26","date_gmt":"2008-02-04T11:10:26","guid":{"rendered":"?p=403"},"modified":"2010-01-31T17:32:21","modified_gmt":"2010-01-31T15:32:21","slug":"un-troisieme-stage-de-terrain-pour-les-etudiants-en-licence-de-sociologie","status":"publish","type":"post","link":"https:\/\/sociologie.univ-paris8.fr\/?p=403","title":{"rendered":"Un troisi\u00c3\u00a8me stage de terrain pour les \u00c3\u00a9tudiants en licence de sociologie"},"content":{"rendered":"<p><b>UN TROISI\u00c3?ME STAGE DE TERRAIN POUR LES \u00c3?TUDIANTS EN LICENCE DE SOCIOLOGIE<\/b><\/p>\n<p>      Apr\u00c3\u00a8s les deux stages de terrain organis\u00c3\u00a9s l\u00e2??ann\u00c3\u00a9e derni\u00c3\u00a8re dans la r\u00c3\u00a9gion Rh\u00c3\u00b4ne-Alpes (d\u00c3\u00a9partement de l\u00e2??Ain), un nouveau stage a \u00c3\u00a9t\u00c3\u00a9 propos\u00c3\u00a9 aux \u00c3\u00a9tudiants en licence de sociologie au cours du premier semestre de l\u00e2??ann\u00c3\u00a9e universitaire 2007\/2008, cette fois dans la r\u00c3\u00a9gion Auvergne, plus pr\u00c3\u00a9cis\u00c3\u00a9ment \u00c3\u00a0 Bergonne, petite commune situ\u00c3\u00a9e \u00c3\u00a0 5 kilom\u00c3\u00a8tres d\u00e2?? Issoire. <\/p>\n<p>      Apr\u00c3\u00a8s six s\u00c3\u00a9ances de pr\u00c3\u00a9paration au cours desquelles les \u00c3\u00a9tudiants ont choisi leur th\u00c3\u00a8me d\u00e2??enqu\u00c3\u00aate, rassembl\u00c3\u00a9 une documentation et pris des premiers contacts, les  13 \u00c3\u00a9tudiants inscrits, encadr\u00c3\u00a9s par deux enseignants, Fran\u00c3\u00a7oise de Barros et Michel Samuel, ont effectu\u00c3\u00a9 entretiens et observations sur le terrain pendant huit jours. Puis ce fut la phase de l\u00e2??analyse des donn\u00c3\u00a9es et de l\u00e2??\u00c3\u00a9laboration des rapports d\u00e2??enqu\u00c3\u00aate. <\/p>\n<p><img src='wp-content\/uploads\/2008\/02\/stage-octobre-2007-1.jpg' alt='Les treize \u00c3\u00a9tudiants stagiaires et leurs deux enseignants' \/><br \/>\nLes treize \u00c3\u00a9tudiants stagiaires et leurs deux enseignants, \u00c3\u00a0 la gare de Clermont-Ferrand, avant le retour sur Paris <\/p>\n<p>Les titres des rapports  montrent la diversit\u00c3\u00a9 des th\u00c3\u00a8mes abord\u00c3\u00a9s : <\/p>\n<ul>\n<li>\n&#8211; Histoire du vignoble de la commune de Boudes,<\/li>\n<li>&#8211; Pr\u00c3\u00a9enqu\u00c3\u00aate sur le bassin d\u00e2??emploi de la Communaut\u00c3\u00a9 de communes \u00c2\u00ab Bassin Minier Montagne \u00c2\u00bb,<\/li>\n<li>&#8211; Les migrations internationales dans un bassin minier d\u00e2??Auvergne,<\/li>\n<li>&#8211; L\u00e2??\u00c3\u00a9volution des pratiques alimentaires,<\/li>\n<li>&#8211; L\u00e2??entr\u00c3\u00a9e en politique et le parcours d\u00e2??\u00c3\u00a9lue municipale de quatrre femmes \u00c3\u00a9lues en milieu rural,<\/li>\n<li>&#8211; La diversit\u00c3\u00a9 de l\u00e2??offre de logements locatifs dans la Communaut\u00c3\u00a9 de communes \u00c2\u00ab Lembron-Val d\u00e2??Allier \u00c2\u00bb,<\/li>\n<li>&#8211; L\u00e2??implication des parents dans les activit\u00c3\u00a9s p\u00c3\u00a9ri et extrascolaires de leurs enfants,<\/li>\n<li>&#8211; Les loisirs des jeunes de 15-25 ans \u00c3\u00a0 Brassac-les-mines,<\/li>\n<li>&#8211; Les \u00c3\u00a9l\u00c3\u00a8ves du lyc\u00c3\u00a9e agricole Saint-Joseph <\/li>\n<\/ul>\n<p>Quant aux petits textes \u00c3\u00a9labor\u00c3\u00a9s par les \u00c3\u00a9tudiants, ils sont r\u00c3\u00a9v\u00c3\u00a9lateurs de l\u00e2??ambiance dans lequel s\u00e2??est d\u00c3\u00a9roul\u00c3\u00a9 le stage !<br \/>\n      \u00e2??A Bergonne, il existe un endroit chaleureux et accueillant : la maison-g\u00c3\u00aete des Bardiau. Une fois que l&rsquo;on sait se rep\u00c3\u00a9rer dans les couloirs, escaliers et diverses portes, tout va bien, m\u00c3\u00aame si le dimanche matin, Niakhal\u00c3\u00a9 errait dans les couloirs et cherchait encore sa chambre. Mais les nuits n&rsquo;y sont pas si calmes : il faut supporter les ronflements de Cyprien, les promenades intempestives des chats sur les lits et le fant\u00c3\u00b4me qui rode dans la cour (Carolina est la seule \u00c3\u00a0 l&rsquo;avoir rencontr\u00c3\u00a9). \u00c2\u00bb <\/p>\n<p><img src='wp-content\/uploads\/2008\/02\/stage-octobre-2007-2.jpg' alt='Vue du g\u00c3\u00aete o\u00c3\u00b9 \u00c3\u00a9taient log\u00c3\u00a9s \u00c3\u00a9tudiants et enseignants' \/><br \/>\nVue du g\u00c3\u00aete o\u00c3\u00b9 \u00c3\u00a9taient log\u00c3\u00a9s \u00c3\u00a9tudiants et enseignants, depuis la cour int\u00c3\u00a9rieure <\/p>\n<p>      \u00e2??Malgr\u00c3\u00a9 nos appr\u00c3\u00a9hensions de Parisiens ou de Banlieusards, nous avons \u00c3\u00a9t\u00c3\u00a9 agr\u00c3\u00a9ablement surpris par l&rsquo;accueil que nous avons re\u00c3\u00a7u des enqu\u00c3\u00aat\u00c3\u00a9s : pas un ne nous a mang\u00c3\u00a9s !!!  Nous sommes m\u00c3\u00aame repartis le ventre plein ou les yeux p\u00c3\u00a9tillants notamment pour les \u00c3\u00a9tudiant(e)s qui avaient choisi comme sujet la viticulture\u00e2?\u00a6\u00e2?? <\/p>\n<p>      \u00e2??On a pu tester les limites du travail d&rsquo;\u00c3\u00a9quipe quand, au cours d&rsquo;un entretien, l&rsquo;un ou l&rsquo;une d&rsquo;entre nous est en mode veille et se rallume soudainement en r\u00c3\u00a9p\u00c3\u00a9tant exactement la question pos\u00c3\u00a9e 10 minutes auparavant !  Ne le r\u00c3\u00a9p\u00c3\u00a9tez pas \u00c3\u00a0 Arnaud ni \u00c3\u00a0 Julia : ils ne s&rsquo;en sont pas rendus compte\u00e2??. <\/p>\n<p>      \u00e2??Les stages de terrain r\u00c3\u00a9v\u00c3\u00a8lent les personnalit\u00c3\u00a9s\u00e2?\u00a6 et c &lsquo;est d&rsquo;autant plus vrai pour Fran\u00c3\u00a7oise. A ceux qui l&rsquo;ignoraient, nous avons d\u00c3\u00a9cid\u00c3\u00a9 de dire la v\u00c3\u00a9rit\u00c3\u00a9 vraie : Fran\u00c3\u00a7oise a, dans une autre vie, \u00c3\u00a9t\u00c3\u00a9 pilote de F1. Cette passion honteuse ne pouvant \u00c3\u00aatre assouvie en temps normal (c&rsquo;est quand m\u00c3\u00aame d\u00c3\u00a9licat entre Clermont-Ferrand et Paris), notre enseignante a l\u00c3\u00a2chement profit\u00c3\u00a9 de la semaine de stage pour s&rsquo;adonner \u00c3\u00a0 ces pratiques violentes et dangereuses. Tous les Kangoo-riders peuvent en t\u00c3\u00a9moigner. Mais rassurez-vous, en g\u00c3\u00a9n\u00c3\u00a9ral, elle prend le train\u00e2?\u00a6\u00e2??<\/p>\n<p><b>Auparavant&#8230;<\/b><br \/>\n<a href=\"?p=242\">2e stage de terrain, avril 2007<\/a><br \/>\n<a href=\"?p=197\">Premier stage de terrain, octobre 2006<\/a><\/p>\n","protected":false},"excerpt":{"rendered":"<p>Apr\u00c3\u00a8s les deux stages de terrain organis\u00c3\u00a9s l\u00e2??ann\u00c3\u00a9e derni\u00c3\u00a8re dans la r\u00c3\u00a9gion Rh\u00c3\u00b4ne-Alpes (d\u00c3\u00a9partement de l\u00e2??Ain), un nouveau stage a \u00c3\u00a9t\u00c3\u00a9 propos\u00c3\u00a9 aux \u00c3\u00a9tudiants en licence de sociologie au cours du premier semestre de l\u00e2??ann\u00c3\u00a9e universitaire 2007\/2008, cette fois dans la r\u00c3\u00a9gion Auvergne, plus pr\u00c3\u00a9cis\u00c3\u00a9ment \u00c3\u00a0 Bergonne, petite commune situ\u00c3\u00a9e \u00c3\u00a0 5 kilom\u00c3\u00a8tres d\u00e2?? Issoire.  (&#8230;)<br \/>\n<center><a href=\"http:\/\/www.univ-paris8.fr\/sociologie\/?p=403\"><img src='http:\/\/www.univ-paris8.fr\/sociologie\/wp-content\/uploads\/2008\/02\/stage-octobre-2007-1.jpg' width=\"380px\" alt='troisieme stage de terrain' \/><\/a><\/center><\/p>\n","protected":false},"author":1,"featured_media":0,"comment_status":"closed","ping_status":"closed","sticky":false,"template":"","format":"standard","meta":{"footnotes":""},"categories":[1],"tags":[4],"class_list":["post-403","post","type-post","status-publish","format-standard","hentry","category-actualites","tag-stage-de-terrain","category-1","description-off"],"_links":{"self":[{"href":"https:\/\/sociologie.univ-paris8.fr\/index.php?rest_route=\/wp\/v2\/posts\/403","targetHints":{"allow":["GET"]}}],"collection":[{"href":"https:\/\/sociologie.univ-paris8.fr\/index.php?rest_route=\/wp\/v2\/posts"}],"about":[{"href":"https:\/\/sociologie.univ-paris8.fr\/index.php?rest_route=\/wp\/v2\/types\/post"}],"author":[{"embeddable":true,"href":"https:\/\/sociologie.univ-paris8.fr\/index.php?rest_route=\/wp\/v2\/users\/1"}],"replies":[{"embeddable":true,"href":"https:\/\/sociologie.univ-paris8.fr\/index.php?rest_route=%2Fwp%2Fv2%2Fcomments&post=403"}],"version-history":[{"count":2,"href":"https:\/\/sociologie.univ-paris8.fr\/index.php?rest_route=\/wp\/v2\/posts\/403\/revisions"}],"predecessor-version":[{"id":2465,"href":"https:\/\/sociologie.univ-paris8.fr\/index.php?rest_route=\/wp\/v2\/posts\/403\/revisions\/2465"}],"wp:attachment":[{"href":"https:\/\/sociologie.univ-paris8.fr\/index.php?rest_route=%2Fwp%2Fv2%2Fmedia&parent=403"}],"wp:term":[{"taxonomy":"category","embeddable":true,"href":"https:\/\/sociologie.univ-paris8.fr\/index.php?rest_route=%2Fwp%2Fv2%2Fcategories&post=403"},{"taxonomy":"post_tag","embeddable":true,"href":"https:\/\/sociologie.univ-paris8.fr\/index.php?rest_route=%2Fwp%2Fv2%2Ftags&post=403"}],"curies":[{"name":"wp","href":"https:\/\/api.w.org\/{rel}","templated":true}]}}