{"id":2331,"date":"2009-12-18T19:28:01","date_gmt":"2009-12-18T17:28:01","guid":{"rendered":"?p=2331"},"modified":"2010-01-12T21:01:31","modified_gmt":"2010-01-12T19:01:31","slug":"seminaire-%c2%absciences-sociales-et-societe%c2%bb","status":"publish","type":"post","link":"https:\/\/sociologie.univ-paris8.fr\/?p=2331","title":{"rendered":"S\u00e9minaire \u00ab\u00a0Sciences sociales et soci\u00e9t\u00e9\u00a0\u00bb"},"content":{"rendered":"<p>Plusieurs enseignants-chercheurs du d\u00e9partement de sociologie participeront au s\u00e9minaire austro-fran\u00e7ais \u00ab\u00a0Sciences sociales et soci\u00e9t\u00e9s\u00a0\u00bb, \u00e0 Vienne en Autriche, le 15 janvier 2010 qu&rsquo;organisent Claire L\u00e9vy-Vroelant et Christoph Reinprecht.<br \/>\n<a href='wp-content\/uploads\/2009\/12\/Programme_FRANCAIS.pdf'>Programme du s\u00e9minaire (pdf)<\/a><br \/>\nLien vers le descriptif sur le site de <a href=\"http:\/\/www.ifvienne.org\/content\/s\u00e9minaire-sciences-sociales-et-soci\u00e9t\u00e9-seminar-sozialwissenschaften-und-gesellschaft\">l&rsquo;institut fran\u00e7ais de Vienne<\/a>.<\/p>\n<p>L&rsquo;id\u00e9e principale de ce s\u00e9minaire est de discuter diff\u00e9rents aspects de la relation entre les sciences sociales et la soci\u00e9t\u00e9, et des conditions du transfert des connaissances. Il entend proposer une rencontre scientifique \u00e0 un public prioritairement universitaire mais aussi \u00e0 un public \u00ab d&rsquo;usagers \u00bb de ces connaissances. Trois dialogues transdisciplinaires r\u00e9unissent des experts fran\u00e7ais et autrichiens des diff\u00e9rents secteurs sociaux (sciences, \u00e9conomie, politique, administration) pour discuter ensemble. Les r\u00e9sultats seront examin\u00e9s dans un atelier et une table ronde. Le s\u00e9minaire doit servir \u00e0 un \u00e9change libre au-del\u00e0 des fronti\u00e8res scientifiques, nationales et institutionnelles.<\/p>\n","protected":false},"excerpt":{"rendered":"<p>Plusieurs enseignants-chercheurs du d\u00e9partement de sociologie participeront au s\u00e9minaire austro-fran\u00e7ais \u00ab\u00a0Sciences sociales et soci\u00e9t\u00e9s\u00a0\u00bb, \u00e0 Vienne en Autriche, le 15 janvier 2010 qu&rsquo;organisent Claire L\u00e9vy-Vroelant et Christoph Reinprecht. Programme du s\u00e9minaire (pdf) Lien vers le descriptif sur le site de l&rsquo;institut fran\u00e7ais de Vienne. L&rsquo;id\u00e9e principale de ce s\u00e9minaire est de discuter diff\u00e9rents aspects de&hellip;<\/p>\n","protected":false},"author":1,"featured_media":0,"comment_status":"closed","ping_status":"closed","sticky":false,"template":"","format":"standard","meta":{"footnotes":""},"categories":[2],"tags":[],"class_list":["post-2331","post","type-post","status-publish","format-standard","hentry","category-actu-profs","category-2","description-off"],"_links":{"self":[{"href":"https:\/\/sociologie.univ-paris8.fr\/index.php?rest_route=\/wp\/v2\/posts\/2331","targetHints":{"allow":["GET"]}}],"collection":[{"href":"https:\/\/sociologie.univ-paris8.fr\/index.php?rest_route=\/wp\/v2\/posts"}],"about":[{"href":"https:\/\/sociologie.univ-paris8.fr\/index.php?rest_route=\/wp\/v2\/types\/post"}],"author":[{"embeddable":true,"href":"https:\/\/sociologie.univ-paris8.fr\/index.php?rest_route=\/wp\/v2\/users\/1"}],"replies":[{"embeddable":true,"href":"https:\/\/sociologie.univ-paris8.fr\/index.php?rest_route=%2Fwp%2Fv2%2Fcomments&post=2331"}],"version-history":[{"count":5,"href":"https:\/\/sociologie.univ-paris8.fr\/index.php?rest_route=\/wp\/v2\/posts\/2331\/revisions"}],"predecessor-version":[{"id":2378,"href":"https:\/\/sociologie.univ-paris8.fr\/index.php?rest_route=\/wp\/v2\/posts\/2331\/revisions\/2378"}],"wp:attachment":[{"href":"https:\/\/sociologie.univ-paris8.fr\/index.php?rest_route=%2Fwp%2Fv2%2Fmedia&parent=2331"}],"wp:term":[{"taxonomy":"category","embeddable":true,"href":"https:\/\/sociologie.univ-paris8.fr\/index.php?rest_route=%2Fwp%2Fv2%2Fcategories&post=2331"},{"taxonomy":"post_tag","embeddable":true,"href":"https:\/\/sociologie.univ-paris8.fr\/index.php?rest_route=%2Fwp%2Fv2%2Ftags&post=2331"}],"curies":[{"name":"wp","href":"https:\/\/api.w.org\/{rel}","templated":true}]}}