{"id":142,"date":"2006-06-01T10:00:57","date_gmt":"2006-06-01T08:00:57","guid":{"rendered":"?p=142"},"modified":"2006-06-01T14:04:58","modified_gmt":"2006-06-01T12:04:58","slug":"142","status":"publish","type":"post","link":"https:\/\/sociologie.univ-paris8.fr\/?p=142","title":{"rendered":"L&rsquo;acculturation religieuse, morale et politique des \u00e9tudiants"},"content":{"rendered":"<p>Dans le cadre du Groupe d&rsquo;Etudes et de Recherche sur les Mouvements Etudiants, qui se penche sur le th\u00e8me suivant, \u00ab\u00a0Mouvements \u00e9tudiants et religion\u00a0\u00bb, <a href=\"?page_id=6\">Charles Souli\u00e9<\/a>, ma\u00eetre de conf\u00e9rences au d\u00e9partement de sociologie de l&rsquo;Universit\u00e9 Paris 8, pr\u00e9sentera les r\u00e9sultats de sa recherche sur \u00ab&nbsp;les \u00e9tudiants de Paris VIII et la religion&nbsp;\u00bb.<br \/>\nMercredi 14 juin 2006, 18H30-20H30<br \/>\nLieu : Centre d&rsquo;histoire de Sciences Po, 56, rue Jacob, salle de r\u00e9union, 1er \u00e9tage, 75006 (M\u00b0 : Saint-Germain-des-Pr\u00e9s). Entr\u00e9e libre : n&rsquo;h\u00e9sitez pas \u00e0 venir.<br \/>\nIntervenants : Charles Souli\u00e9, ma\u00eetre de conf\u00e9rences en sociologie \u00e0 l\u2019Universit\u00e9 de Paris VIII Vincennes-Saint-Denis et des \u00e9tudiant-e-s de Paris VIII.<br \/>\nLa communication portera plus pr\u00e9cis\u00e9ment sur \u00ab\u00a0<em>L&rsquo;acculturation religieuse, morale et politique&nbsp;: le cas des \u00e9tudiants de Paris 8<\/em>\u00a0\u00bb<\/p>\n<blockquote><p><strong>L\u2019acculturation religieuse, morale et politique : le cas des \u00e9tudiants de l\u2019universit\u00e9 de Paris 8<\/strong><br \/>\nAu premier semestre 2004\/2005, et dans le cadre d\u2019un cours d\u2019enqu\u00eate de terrain, des \u00e9tudiants de Licence du d\u00e9partement de sociologie de Paris 8 ont diffus\u00e9 aupr\u00e8s de leurs camarades de 1er cycle d\u2019une dizaine de disciplines pr\u00e9sents en cours un questionnaire portant sur le th\u00e8me de la religion, leurs opinions en mati\u00e8re de m\u0153urs et de politique, l\u2019enqu\u00eate ayant \u00e9t\u00e9 approfondie au second semestre par voie d\u2019entretiens. Les \u00e9tudiants ont recueilli 1.280 questionnaires et r\u00e9alis\u00e9 une trentaine d\u2019entretiens. L\u2019objectif de cette intervention est de commencer \u00e0 rendre compte de ce travail.<\/p>\n<p>En raison des particularit\u00e9s de l\u2019institution \u00e9tudi\u00e9e, les r\u00e9sultats pr\u00e9sent\u00e9s ici n\u2019ont pas vocation \u00e0 \u00eatre g\u00e9n\u00e9ralis\u00e9s \u00e0 l\u2019ensemble de la jeunesse, et notamment celle du 93 (26,9% des r\u00e9pondants vivent dans ce d\u00e9partement). De m\u00eame, ce que nous dirons des opinions religieuses, en mati\u00e8re de m\u0153urs ou de politique, des enfants d\u2019immigr\u00e9s, qu\u2019ils soient d\u2019origine europ\u00e9enne, maghr\u00e9bine, africaine, ou autre, ne vaut pas pour l\u2019ensemble des enfants d\u2019immigr\u00e9s. Et de fait, une minorit\u00e9 d\u2019entre eux entament des \u00e9tudes sup\u00e9rieures et on sait que dans l\u2019enseignement secondaire, les sorties sans qualification puis l\u2019orientation vers les fili\u00e8res professionnelles et techniques (CAP, BEP, Baccalaur\u00e9ats professionnels et technologiques) les concernent plus particuli\u00e8rement. De m\u00eame, Paris 8 \u00e9tant essentiellement une universit\u00e9 de lettres et sciences humaines, celle-ci accueille une forte proportion de femmes (67,6% parmi les r\u00e9pondants). Enfin, et \u00e0 l\u2019instar des \u00e9tudiants fran\u00e7ais, les \u00e9tudiants \u00e9trangers de Paris 8 diff\u00e8rent fortement par leur recrutement social, nationalit\u00e9, des \u00e9tudiants \u00e9trangers accueillis dans les universit\u00e9s parisiennes intra muros. Toute g\u00e9n\u00e9ralisation serait donc abusive. En fait, l\u2019id\u00e9al aurait \u00e9t\u00e9 de pouvoir  comparer syst\u00e9matiquement Paris 8 avec d\u2019autres \u00e9tablissements parisiens bien contrast\u00e9s socialement, ce qui n\u2019a pas \u00e9t\u00e9 possible. A d\u00e9faut, nous mobiliserons la litt\u00e9rature disponible sur le sujet (1). <\/p>\n<p>(1)  Anne Muxel, <em>Les \u00e9tudiants de Sciences Po, leurs id\u00e9es, leurs valeurs, leurs cultures politiques<\/em>, Presses de Science Po, 2004. Antoine Delestre, <em>Les religions des \u00e9tudiants<\/em>, l\u2019Harmattan, 1997. Mich\u00e8le Tribalat, <em>Faire France, une enqu\u00eate sur les immigr\u00e9s et leurs enfants<\/em>, 1995.\n<\/p><\/blockquote>\n<p>Plus d&rsquo;informations :<br \/>\n&#8212; <a href=\"http:\/\/www.germe.info\/\">http:\/\/www.germe.info\/ : le site du GERME &#8211; Groupe d&rsquo;Etudes et de Recherche sur les Mouvements Etudiants<\/a><br \/>\n&#8212; <a href=\"?page_id=6\">Pr\u00e9sentation des travaux de Charles Souli\u00e9<\/a><\/p>\n","protected":false},"excerpt":{"rendered":"<p>Dans le cadre du Groupe d&rsquo;Etudes et de Recherche sur les Mouvements Etudiants, qui se penche sur le th\u00e8me suivant, \u00ab\u00a0Mouvements \u00e9tudiants et religion\u00a0\u00bb, Charles Souli\u00e9, ma\u00eetre de conf\u00e9rences au d\u00e9partement de sociologie de l&rsquo;Universit\u00e9 Paris 8, pr\u00e9sentera les r\u00e9sultats de sa recherche sur \u00ab les \u00e9tudiants de Paris VIII et la religion \u00bb.<br \/>\nM ercredi 14 juin 2006, 18H30-20H30<br \/>\nLieu : Centre d&rsquo;histoire de Sciences Po, 56, rue Jacob, salle de r\u00e9union, 1er \u00e9tage, 75006 (M\u00b0 : Saint-Germain-des-Pr\u00e9s).<br \/>\nIntervenants : Charles Souli\u00e9, ma\u00eetre de conf\u00e9rences en sociologie \u00e0 l\u2019Universit\u00e9 de Paris VIII Vincennes-Saint-Denis et des \u00e9tudiant-e-s de Paris VIII.<br \/>\nLa communication portera plus pr\u00e9cis\u00e9ment sur <em>\u00ab\u00a0L&rsquo;acculturation religieuse, morale et politique: le cas des \u00e9tudiants de Paris 8\u00a0\u00bb<\/em><\/p>\n","protected":false},"author":1,"featured_media":0,"comment_status":"closed","ping_status":"closed","sticky":false,"template":"","format":"standard","meta":{"footnotes":""},"categories":[1],"tags":[],"class_list":["post-142","post","type-post","status-publish","format-standard","hentry","category-actualites","category-1","description-off"],"_links":{"self":[{"href":"https:\/\/sociologie.univ-paris8.fr\/index.php?rest_route=\/wp\/v2\/posts\/142","targetHints":{"allow":["GET"]}}],"collection":[{"href":"https:\/\/sociologie.univ-paris8.fr\/index.php?rest_route=\/wp\/v2\/posts"}],"about":[{"href":"https:\/\/sociologie.univ-paris8.fr\/index.php?rest_route=\/wp\/v2\/types\/post"}],"author":[{"embeddable":true,"href":"https:\/\/sociologie.univ-paris8.fr\/index.php?rest_route=\/wp\/v2\/users\/1"}],"replies":[{"embeddable":true,"href":"https:\/\/sociologie.univ-paris8.fr\/index.php?rest_route=%2Fwp%2Fv2%2Fcomments&post=142"}],"version-history":[{"count":0,"href":"https:\/\/sociologie.univ-paris8.fr\/index.php?rest_route=\/wp\/v2\/posts\/142\/revisions"}],"wp:attachment":[{"href":"https:\/\/sociologie.univ-paris8.fr\/index.php?rest_route=%2Fwp%2Fv2%2Fmedia&parent=142"}],"wp:term":[{"taxonomy":"category","embeddable":true,"href":"https:\/\/sociologie.univ-paris8.fr\/index.php?rest_route=%2Fwp%2Fv2%2Fcategories&post=142"},{"taxonomy":"post_tag","embeddable":true,"href":"https:\/\/sociologie.univ-paris8.fr\/index.php?rest_route=%2Fwp%2Fv2%2Ftags&post=142"}],"curies":[{"name":"wp","href":"https:\/\/api.w.org\/{rel}","templated":true}]}}