{"id":11312,"date":"2024-10-23T15:05:06","date_gmt":"2024-10-23T13:05:06","guid":{"rendered":"https:\/\/sociologie.univ-paris8.fr\/?p=11312"},"modified":"2024-12-20T12:09:52","modified_gmt":"2024-12-20T10:09:52","slug":"conference-giulia-mensitieri-capitalisme-de-paillettes-et-travail-dans-la-mode-14-11-12h-c005","status":"publish","type":"post","link":"https:\/\/sociologie.univ-paris8.fr\/?p=11312","title":{"rendered":"Changement de salle: Conf\u00e9rence Giulia Mensitieri \u00ab\u00a0Capitalisme de paillettes et travail dans la mode\u00a0\u00bb &#8211; 14\/11 &#8211; 12h &#8211; C005"},"content":{"rendered":"<p>La conf\u00e9rence de Giulia Mensitieri, pr\u00e9vue aujourd\u2019hui \u00e0 midi, aura lieu finalement sur le site CNRS, 59 Rue Pouchet, 75017 Paris, M\u00e9tro Guy M\u00f4quet (ligne 13) en salle 221. La conf\u00e9rence est ouverte \u00e0 toute personne int\u00e9ress\u00e9e.<\/p>\n\n\n<p><strong>Giulia Mensitieri,&nbsp;<\/strong>charg\u00e9e de recherche en anthropologie (CNRS, CLERSE) pr\u00e9sentera sa recherche et son ouvrage sur le monde de la mode, \u00e0 l\u2019occasion d\u2019une conf\u00e9rence ouverte \u00e0 toutes et tous, intitul\u00e9e :<\/p>\n\n\n\n<p class=\"has-text-align-center\"><strong>Capitalisme de paillettes et travail dans la mode<\/strong><\/p>\n\n\n\n<p class=\"has-text-align-center\"><strong>Le jeudi 14 novembre 2024 de 12h \u00e0 13h30<\/strong><\/p>\n\n\n\n<p class=\"has-text-align-center\"><strong>En salle C005<\/strong><\/p>\n\n\n\n<p>Elle sera discut\u00e9e par notre coll\u00e8gue, Princia Andrianirina (Paris 8, CRESPPA\/CSU) et un de nos \u00e9tudiants de master, Vincent Esclade.<\/p>\n\n\n\n<p>Venez nombreuses et nombreux !<\/p>\n","protected":false},"excerpt":{"rendered":"<p>La conf\u00e9rence de Giulia Mensitieri, pr\u00e9vue aujourd\u2019hui \u00e0 midi, aura lieu finalement sur le site CNRS, 59 Rue Pouchet, 75017 Paris, M\u00e9tro Guy M\u00f4quet (ligne 13) en salle 221. La conf\u00e9rence est ouverte \u00e0 toute personne int\u00e9ress\u00e9e. Giulia Mensitieri,&nbsp;charg\u00e9e de recherche en anthropologie (CNRS, CLERSE) pr\u00e9sentera sa recherche et son ouvrage sur le monde de&hellip;<\/p>\n","protected":false},"author":10,"featured_media":0,"comment_status":"closed","ping_status":"closed","sticky":false,"template":"","format":"standard","meta":{"footnotes":""},"categories":[2,1],"tags":[],"class_list":["post-11312","post","type-post","status-publish","format-standard","hentry","category-actu-profs","category-actualites","category-2","category-1","description-off"],"_links":{"self":[{"href":"https:\/\/sociologie.univ-paris8.fr\/index.php?rest_route=\/wp\/v2\/posts\/11312","targetHints":{"allow":["GET"]}}],"collection":[{"href":"https:\/\/sociologie.univ-paris8.fr\/index.php?rest_route=\/wp\/v2\/posts"}],"about":[{"href":"https:\/\/sociologie.univ-paris8.fr\/index.php?rest_route=\/wp\/v2\/types\/post"}],"author":[{"embeddable":true,"href":"https:\/\/sociologie.univ-paris8.fr\/index.php?rest_route=\/wp\/v2\/users\/10"}],"replies":[{"embeddable":true,"href":"https:\/\/sociologie.univ-paris8.fr\/index.php?rest_route=%2Fwp%2Fv2%2Fcomments&post=11312"}],"version-history":[{"count":2,"href":"https:\/\/sociologie.univ-paris8.fr\/index.php?rest_route=\/wp\/v2\/posts\/11312\/revisions"}],"predecessor-version":[{"id":11319,"href":"https:\/\/sociologie.univ-paris8.fr\/index.php?rest_route=\/wp\/v2\/posts\/11312\/revisions\/11319"}],"wp:attachment":[{"href":"https:\/\/sociologie.univ-paris8.fr\/index.php?rest_route=%2Fwp%2Fv2%2Fmedia&parent=11312"}],"wp:term":[{"taxonomy":"category","embeddable":true,"href":"https:\/\/sociologie.univ-paris8.fr\/index.php?rest_route=%2Fwp%2Fv2%2Fcategories&post=11312"},{"taxonomy":"post_tag","embeddable":true,"href":"https:\/\/sociologie.univ-paris8.fr\/index.php?rest_route=%2Fwp%2Fv2%2Ftags&post=11312"}],"curies":[{"name":"wp","href":"https:\/\/api.w.org\/{rel}","templated":true}]}}