{"id":10794,"date":"2023-04-16T14:37:04","date_gmt":"2023-04-16T12:37:04","guid":{"rendered":"https:\/\/sociologie.univ-paris8.fr\/?p=10794"},"modified":"2023-05-02T16:31:00","modified_gmt":"2023-05-02T14:31:00","slug":"mercredi-19-avril-projection-debat-du-documentaire-allers-retours-a-la-terre","status":"publish","type":"post","link":"https:\/\/sociologie.univ-paris8.fr\/?p=10794","title":{"rendered":"Mercredi 19 avril: Projection-d\u00e9bat du documentaire Allers-retours \u00e0 la terre"},"content":{"rendered":"<p align=\"justify\">Le d\u00e9partement de sociologie et d&rsquo;anthropologie organise <strong>Mercredi 19 avril<\/strong> une projection-d\u00e9bat du film <strong>Allers-retours \u00e0 la terre, en B135 (B\u00e2t. B2), de 15h \u00e0 17h30<\/strong>. Le film porte sur les projets de vie et les trajectoires de \u00ab\u00a0n\u00e9o-ruraux\u00a0\u00bb parti-es s&rsquo;installer dans la Creuse et les C\u00e9vennes dans les ann\u00e9es 1970 et sur leurs enfants qui reviennent habiter en ville \u00e0 l&rsquo;\u00e2ge adulte.<\/p>\n<p>La projection et le d\u00e9bat auront lieu <strong>en pr\u00e9sence du r\u00e9alisateur Eric Wittersheim<\/strong> (anthropologue, EHESS).<\/p>\n<p><img loading=\"lazy\" decoding=\"async\" class=\"aligncenter\" src=\" wp-content\/uploads\/2023\/04\/allers-retours-a-la-terre-affiche.jpg\" alt=\"\" width=\"300\" height=\"200\"\/><\/p>\n","protected":false},"excerpt":{"rendered":"<p>Le d\u00e9partement de sociologie et d&rsquo;anthropologie organise Mercredi 19 avril une projection-d\u00e9bat du film Allers-retours \u00e0 la terre, en B135 (B\u00e2t. B2), de 15h \u00e0 17h30. Le film porte sur les projets de vie et les trajectoires de \u00ab\u00a0n\u00e9o-ruraux\u00a0\u00bb parti-es s&rsquo;installer dans la Creuse et les C\u00e9vennes dans les ann\u00e9es 1970 et sur leurs enfants&hellip;<\/p>\n","protected":false},"author":9,"featured_media":0,"comment_status":"closed","ping_status":"closed","sticky":false,"template":"","format":"standard","meta":{"footnotes":""},"categories":[1],"tags":[],"class_list":["post-10794","post","type-post","status-publish","format-standard","hentry","category-actualites","category-1","description-off"],"_links":{"self":[{"href":"https:\/\/sociologie.univ-paris8.fr\/index.php?rest_route=\/wp\/v2\/posts\/10794","targetHints":{"allow":["GET"]}}],"collection":[{"href":"https:\/\/sociologie.univ-paris8.fr\/index.php?rest_route=\/wp\/v2\/posts"}],"about":[{"href":"https:\/\/sociologie.univ-paris8.fr\/index.php?rest_route=\/wp\/v2\/types\/post"}],"author":[{"embeddable":true,"href":"https:\/\/sociologie.univ-paris8.fr\/index.php?rest_route=\/wp\/v2\/users\/9"}],"replies":[{"embeddable":true,"href":"https:\/\/sociologie.univ-paris8.fr\/index.php?rest_route=%2Fwp%2Fv2%2Fcomments&post=10794"}],"version-history":[{"count":5,"href":"https:\/\/sociologie.univ-paris8.fr\/index.php?rest_route=\/wp\/v2\/posts\/10794\/revisions"}],"predecessor-version":[{"id":10801,"href":"https:\/\/sociologie.univ-paris8.fr\/index.php?rest_route=\/wp\/v2\/posts\/10794\/revisions\/10801"}],"wp:attachment":[{"href":"https:\/\/sociologie.univ-paris8.fr\/index.php?rest_route=%2Fwp%2Fv2%2Fmedia&parent=10794"}],"wp:term":[{"taxonomy":"category","embeddable":true,"href":"https:\/\/sociologie.univ-paris8.fr\/index.php?rest_route=%2Fwp%2Fv2%2Fcategories&post=10794"},{"taxonomy":"post_tag","embeddable":true,"href":"https:\/\/sociologie.univ-paris8.fr\/index.php?rest_route=%2Fwp%2Fv2%2Ftags&post=10794"}],"curies":[{"name":"wp","href":"https:\/\/api.w.org\/{rel}","templated":true}]}}