{"id":10011,"date":"2021-09-08T18:04:41","date_gmt":"2021-09-08T16:04:41","guid":{"rendered":"?p=10011"},"modified":"2021-09-17T14:22:26","modified_gmt":"2021-09-17T12:22:26","slug":"rentree-du-master-de-sciences-sociales","status":"publish","type":"post","link":"https:\/\/sociologie.univ-paris8.fr\/?p=10011","title":{"rendered":"Rentr\u00e9e du Master de Sciences sociales"},"content":{"rendered":"<p>La r\u00e9union de rentr\u00e9e du Master de Sciences sociales aura lieu <strong>Mardi 14 septembre \u00e0 10h<\/strong> dans l&rsquo;amphith\u00e9\u00e2tre (MR002) de la Maison de la recherche (derri\u00e8re le b\u00e2timent A). Une permanence p\u00e9dagogique sera assur\u00e9e en d\u00e9but d&rsquo;apr\u00e8s midi par Yasmine Siblot pour celles et ceux qui souhaitent un \u00e9change individuel.<\/p>\n<p>Vous pouvez contacter le secr\u00e9tariat pour toute question administrative :<br \/>\nSecr\u00e9taire du Master : Corinne Charron<br \/>\nbureau B348 \u2013 T\u00e9l. 01 49 40 68 18<br \/>\n<a href=\"mailto:corinne.charron@univ-paris8.fr\">corinne.charron@univ-paris8.fr<\/a><\/p>\n<p>Vous pouvez contacter les enseignantes responsables du Master pour toute question p\u00e9dagogique :<br \/>\nResponsables du Master et du M1 : Yasmine Siblot et Ana\u00efs Leblon<br \/>\n<a href=\"mailto:anais.leblon@univ-paris8.fr\">anais.leblon@univ-paris8.fr<\/a><br \/>\n<a href=\"mailto:yasmine.siblot@univ-paris8.fr\">yasmine.siblot@univ-paris8.fr<\/a><br \/>\nResponsable du M2 Anthropologie de la Mondialisation : Ana\u00efs Leblon<br \/>\nResponsable du M2 Mondes Urbains et In\u00e9galit\u00e9s : Yasmine Siblot<\/p>\n<p>Vous trouverez ici : la <a href=\"wp-content\/uploads\/2010\/05\/Brochure-Master-2021-2022-08-09-21.pdf\">brochure<\/a> et l&rsquo;<a href=\"wp-content\/uploads\/2010\/05\/Emploi-du-temps-MSS-semestre-1.pdf\">emploi du temps du premier semestre<\/a><\/p>\n<p>Les cours d\u00e9buteront la semaine du 20 septembre.<\/p>\n<p>A tr\u00e8s bient\u00f4t !<\/p>\n","protected":false},"excerpt":{"rendered":"<p>La r\u00e9union de rentr\u00e9e du Master de Sciences sociales aura lieu Mardi 14 septembre \u00e0 10h dans l&rsquo;amphith\u00e9\u00e2tre (MR002) de la Maison de la recherche (derri\u00e8re le b\u00e2timent A). Une permanence p\u00e9dagogique sera assur\u00e9e en d\u00e9but d&rsquo;apr\u00e8s midi par Yasmine Siblot pour celles et ceux qui souhaitent un \u00e9change individuel. Vous pouvez contacter le secr\u00e9tariat&hellip;<\/p>\n","protected":false},"author":10,"featured_media":0,"comment_status":"closed","ping_status":"closed","sticky":false,"template":"","format":"standard","meta":{"footnotes":""},"categories":[1],"tags":[],"class_list":["post-10011","post","type-post","status-publish","format-standard","hentry","category-actualites","category-1","description-off"],"_links":{"self":[{"href":"https:\/\/sociologie.univ-paris8.fr\/index.php?rest_route=\/wp\/v2\/posts\/10011","targetHints":{"allow":["GET"]}}],"collection":[{"href":"https:\/\/sociologie.univ-paris8.fr\/index.php?rest_route=\/wp\/v2\/posts"}],"about":[{"href":"https:\/\/sociologie.univ-paris8.fr\/index.php?rest_route=\/wp\/v2\/types\/post"}],"author":[{"embeddable":true,"href":"https:\/\/sociologie.univ-paris8.fr\/index.php?rest_route=\/wp\/v2\/users\/10"}],"replies":[{"embeddable":true,"href":"https:\/\/sociologie.univ-paris8.fr\/index.php?rest_route=%2Fwp%2Fv2%2Fcomments&post=10011"}],"version-history":[{"count":3,"href":"https:\/\/sociologie.univ-paris8.fr\/index.php?rest_route=\/wp\/v2\/posts\/10011\/revisions"}],"predecessor-version":[{"id":10015,"href":"https:\/\/sociologie.univ-paris8.fr\/index.php?rest_route=\/wp\/v2\/posts\/10011\/revisions\/10015"}],"wp:attachment":[{"href":"https:\/\/sociologie.univ-paris8.fr\/index.php?rest_route=%2Fwp%2Fv2%2Fmedia&parent=10011"}],"wp:term":[{"taxonomy":"category","embeddable":true,"href":"https:\/\/sociologie.univ-paris8.fr\/index.php?rest_route=%2Fwp%2Fv2%2Fcategories&post=10011"},{"taxonomy":"post_tag","embeddable":true,"href":"https:\/\/sociologie.univ-paris8.fr\/index.php?rest_route=%2Fwp%2Fv2%2Ftags&post=10011"}],"curies":[{"name":"wp","href":"https:\/\/api.w.org\/{rel}","templated":true}]}}